{"id":26320,"date":"2025-06-05T09:00:00","date_gmt":"2025-06-05T09:00:00","guid":{"rendered":"https:\/\/yellow-hippopotamus-735340.hostingersite.com\/uncategorized-lv\/katolu-baznicas-loma-beru-ceremonijas\/"},"modified":"2025-11-27T13:09:12","modified_gmt":"2025-11-27T13:09:12","slug":"katolu-baznicas-loma-beru-ceremonijas","status":"publish","type":"post","link":"https:\/\/atvadas.lv\/lv\/raksts\/katolu-baznicas-loma-beru-ceremonijas","title":{"rendered":"Kato\u013cu bazn\u012bcas loma b\u0113ru ceremonij\u0101s"},"content":{"rendered":"<p>Kato\u013cu bazn\u012bcas loma b\u0113ru ceremonij\u0101s<\/p>\n<p><img decoding=\"async\" src=\"https:\/\/atvadas.lv\/wp-content\/uploads\/2025\/08\/684026276bc23867720086.png\" alt=\"\" \/><\/p>\n<h2 data-source-line=\"7-7\">Kato\u013cu bazn\u012bcas noz\u012bme dz\u012bves p\u0101rejas br\u012b\u017eos<\/h2>\n<p>Kato\u013cu bazn\u012bca jau gadsimtiem ilgi ir bijusi noz\u012bm\u012bga loma cilv\u0113ka dz\u012bves svar\u012bg\u0101kajos br\u012b\u017eos \u2013 krist\u012bb\u0101s, laul\u012bb\u0101s un ar\u012b n\u0101v\u0113. B\u0113res kato\u013cu trad\u012bcij\u0101 tiek uzskat\u012btas ne tikai par p\u0113d\u0113jo cie\u0146as apliecin\u0101jumu miru\u0161ajam, bet ar\u012b par gar\u012bgu ce\u013cojumu, kur\u0101 dv\u0113sele tiek nodota Dieva rok\u0101s.<\/p>\n<h2 data-source-line=\"13-13\">Sagatavo\u0161an\u0101s b\u0113ru ceremonijai<\/h2>\n<p>Kato\u013cu b\u0113ru ceremonija s\u0101kas ar l\u016bg\u0161an\u0101m par miru\u0161\u0101 dv\u0113seles mieru. Pirms b\u0113ru dienas tuvinieki bie\u017ei vien organiz\u0113 aizl\u016bgumu vai Ro\u017eukro\u0146a l\u016bg\u0161anu m\u0101j\u0101s vai kapel\u0101. T\u0101 ir iesp\u0113ja apzin\u0101ti sagatavoties b\u0113ru dienai un dot iesp\u0113ju \u0123imenei kop\u012bgi piemin\u0113t aizg\u0101j\u0113ju.<\/p>\n<h2 data-source-line=\"19-19\">Sv\u0113t\u0101 Mise jeb aizl\u016bgums par miru\u0161o<\/h2>\n<p>Galven\u0101 b\u0113ru da\u013ca ir Sv\u0113t\u0101 Mise jeb aizl\u016bgums par miru\u0161o. T\u0101 tiek notur\u0113ta bazn\u012bc\u0101 vai kapel\u0101, un t\u0101s laik\u0101 priesteris lasa Sv\u0113tos Rakstus, saka spredi\u0137i par dz\u012bv\u012bbu, n\u0101vi un aug\u0161\u0101mcel\u0161anos, k\u0101 ar\u012b l\u016bdz Dievu par aizg\u0101j\u0113ja dv\u0113seles gl\u0101b\u0161anu. \u0160\u012b misa ir svar\u012bgs kato\u013cu tic\u012bbas apliecin\u0101jums, jo kristie\u0161i tic, ka dz\u012bve nebeidzas ar n\u0101vi \u2013 dv\u0113sele dz\u012bvo m\u016b\u017e\u012bb\u0101.<\/p>\n<h2 data-source-line=\"25-25\">Apbed\u012b\u0161anas ritu\u0101ls kaps\u0113t\u0101<\/h2>\n<p>P\u0113c aizl\u016bguma procesija dodas uz kaps\u0113tu, kur notiek p\u0113d\u0113jais atvadu ritu\u0101ls. \u0160eit priesteris v\u0113lreiz l\u016bdz Dievu, sv\u0113t\u012b zemi un aizg\u0101j\u0113ju, apkaisa z\u0101rku ar sv\u0113to \u016bdeni un simboliski p\u0101rkaisa tr\u012bs saujas zemes. Tas simboliz\u0113 p\u0101reju no zemes dz\u012bves uz m\u016b\u017e\u012bbu. \u0160o br\u012bdi pavada klusums, cie\u0146a un bie\u017ei vien ar\u012b dziesmas vai instrument\u0101l\u0101 m\u016bzika.<\/p>\n<h2 data-source-line=\"31-31\">Piemi\u0146a p\u0113c b\u0113r\u0113m<\/h2>\n<p>Kato\u013cu bazn\u012bca ar\u012b p\u0113c b\u0113r\u0113m neaizmirst par miru\u0161o. Tiek ieteikts piemin\u0113t aizg\u0101j\u0113ju p\u0113c 30 dien\u0101m (t\u0101 saukt\u0101 &#8220;m\u0113ne\u0161a misa&#8221;) un katru gadu n\u0101ves dien\u0101. Tic\u012bgajiem tiek atg\u0101din\u0101ts par nepiecie\u0161am\u012bbu l\u016bgties par miru\u0161ajiem, \u012bpa\u0161i Visu dv\u0113se\u013cu dien\u0101 \u2013 2. novembr\u012b, kad kato\u013ci vis\u0101 pasaul\u0113 aizdedz sveces kaps\u0113t\u0101s un apmekl\u0113 Sv\u0113to Misi.<\/p>\n<h2 data-source-line=\"37-37\">\u017d\u0113lsird\u012bbas darbi<\/h2>\n<p>Svar\u012bga kato\u013cu b\u0113ru da\u013ca ir ar\u012b \u017e\u0113lsird\u012bba \u2013 tiek aicin\u0101ts pal\u012bdz\u0113t nabadz\u012bgajiem vai ziedot bazn\u012bcai miru\u0161\u0101 piemi\u0146ai. \u0160\u0101das darb\u012bbas tiek uzskat\u012btas par dv\u0113seles atbalstu ce\u013c\u0101 uz debes\u012bm.<\/p>\n<h2 data-source-line=\"43-43\">M\u016bsdienu kato\u013cu b\u0113res<\/h2>\n<p>M\u016bsdien\u0101s kato\u013cu b\u0113res var b\u016bt da\u017e\u0101das \u2013 gan lielas un tradicion\u0101las ar pilnu Misi un procesiju, gan ar\u012b pietic\u012bgas un klusas, ta\u010du b\u016btisk\u0101k\u0101 joproj\u0101m ir l\u016bg\u0161ana un cer\u012bba uz aug\u0161\u0101mcel\u0161anos. T\u0101s dod mierin\u0101jumu s\u0113rojo\u0161ajiem un apliecina tic\u012bbu dz\u012bvei p\u0113c n\u0101ves.<\/p>\n","protected":false},"excerpt":{"rendered":"<p>Kato\u013cu bazn\u012bcas loma b\u0113ru ceremonij\u0101s<\/p>\n","protected":false},"author":1,"featured_media":26323,"comment_status":"closed","ping_status":"closed","sticky":false,"template":"","format":"standard","meta":{"_eb_attr":"","_glsr_average":0,"_glsr_ranking":0,"_glsr_reviews":0,"footnotes":""},"categories":[1],"tags":[],"class_list":["post-26320","post","type-post","status-publish","format-standard","has-post-thumbnail","hentry","category-raksts"],"_links":{"self":[{"href":"https:\/\/atvadas.lv\/lv\/wp-json\/wp\/v2\/posts\/26320","targetHints":{"allow":["GET"]}}],"collection":[{"href":"https:\/\/atvadas.lv\/lv\/wp-json\/wp\/v2\/posts"}],"about":[{"href":"https:\/\/atvadas.lv\/lv\/wp-json\/wp\/v2\/types\/post"}],"author":[{"embeddable":true,"href":"https:\/\/atvadas.lv\/lv\/wp-json\/wp\/v2\/users\/1"}],"replies":[{"embeddable":true,"href":"https:\/\/atvadas.lv\/lv\/wp-json\/wp\/v2\/comments?post=26320"}],"version-history":[{"count":0,"href":"https:\/\/atvadas.lv\/lv\/wp-json\/wp\/v2\/posts\/26320\/revisions"}],"wp:featuredmedia":[{"embeddable":true,"href":"https:\/\/atvadas.lv\/lv\/wp-json\/wp\/v2\/media\/26323"}],"wp:attachment":[{"href":"https:\/\/atvadas.lv\/lv\/wp-json\/wp\/v2\/media?parent=26320"}],"wp:term":[{"taxonomy":"category","embeddable":true,"href":"https:\/\/atvadas.lv\/lv\/wp-json\/wp\/v2\/categories?post=26320"},{"taxonomy":"post_tag","embeddable":true,"href":"https:\/\/atvadas.lv\/lv\/wp-json\/wp\/v2\/tags?post=26320"}],"curies":[{"name":"wp","href":"https:\/\/api.w.org\/{rel}","templated":true}]}}